{"id":1672,"date":"2017-06-03T18:05:12","date_gmt":"2017-06-03T16:05:12","guid":{"rendered":"https:\/\/www.rallyesport-westsachsen.de\/?p=1672"},"modified":"2017-06-03T20:08:32","modified_gmt":"2017-06-03T18:08:32","slug":"avd-sachsen-rallye-2017-rueckblick-team-ifm-motorsport","status":"publish","type":"post","link":"https:\/\/www.rallyesport-westsachsen.de\/index.php\/2017\/06\/03\/avd-sachsen-rallye-2017-rueckblick-team-ifm-motorsport\/","title":{"rendered":"AvD Sachsen-Rallye 2017 \u2013 R\u00fcckblick Team IFM Motorsport"},"content":{"rendered":"<p>1. in der Klasse, 3. in der Division, 22. im Gesamtklassement \u2013 aber nur bis 4 km vor Schluss\u2026<\/p>\n<p>Gute Zeiten \u2013 schlechte Zeiten. So kann man es nennen, wenn man ein absolut problemloses und erfolgversprechendes Rallye-Wochenende erlebt und dann an seinem eigenen Geburtstag kurz vor dem Ziel mit defekter Radaufh\u00e4ngung liegen bleibt.<\/p>\n<p>Doch der Reihe nach.<br \/>\n<!--more--><br \/>\nAuf die diesj\u00e4hrige Sachsen-Rallye freuten wir uns ganz besonders: Anspruchsvolle und vor allem lange Wertungspr\u00fcfungen, welche im Hellen und Dunkeln zu befahren waren, dazu ein recht kurzweiliger und von vielen Zuschauern ges\u00e4umter Rundkurs durch die Zwickauer Innenstadt, sowie ein absolut hochklassiges Starterfeld. Erste Bundesliga im Rallyesport eben!<\/p>\n<p>Im Vergleich zum letzten Jahr hatten wir nicht nur motorisch, sondern diesmal auch in Sachen Reifen aufger\u00fcstet: Erstmals \u00fcberhaupt gingen wir mit reinrassigen WM-Reifen von Michelin an den Start. Beides zusammen f\u00fchrte beim Fahrer dazu, dass der nun erst einmal v\u00f6llig neue Synapsen in Bezug auf bisherige Denkmodelle \u00fcber Bremspunkte und Kurvengeschwindigkeiten im Kopf bilden musste und beim Copiloten Benny dazu, dass er das Gebetbuch nun noch schneller vorlesen musste.<\/p>\n<p>Dies alles funktionierte aber \u00fcberraschend gut und schnell stellte sich ein fl\u00fcssiger\u00a0Rhythmus ein. So konnten wir unsere Zeiten von WP zu WP immer weiter verbessern und im Feld nach vorn fahren. Das Auto war durch das Einsatzteam von Hampl Motors bestens vorbereitet und lief wie ein Uhrwerk. Bis hierhin also ein perfektes Rallye-Wochenende!<\/p>\n<p>Nach 11 von 12 zu fahrenden Wertungspr\u00fcfungen stand also nun nur noch einmal die WP Kirchberg an. 22 anspruchsvoller Kilometer sollten uns noch von der Zielankunft und einem Pokal als Geburtstagsgeschenk trennen. Doch bei Kilometer 18 brach pl\u00f6tzlich in einer leichten Rechtskurve\u00a0 ohne Vorwarnung die linke Vorderradaufh\u00e4ngung, wodurch das Auto schlagartig unlenkbar wurde:<\/p>\n<figure id=\"attachment_971\" class=\"wp-caption alignleft\"><a href=\"https:\/\/i0.wp.com\/www.ifm-motorsport.de\/start\/wp-content\/uploads\/2017\/05\/DSC_2602.jpg\" target=\"_blank\" rel=\"noopener noreferrer\"><img loading=\"lazy\" decoding=\"async\" class=\"wp-image-971 size-medium\" src=\"https:\/\/i0.wp.com\/www.ifm-motorsport.de\/start\/wp-content\/uploads\/2017\/05\/DSC_2602.jpg?resize=300%2C200\" sizes=\"auto, (max-width: 300px) 100vw, 300px\" srcset=\"https:\/\/i0.wp.com\/www.ifm-motorsport.de\/start\/wp-content\/uploads\/2017\/05\/DSC_2602.jpg?resize=300%2C200 300w, https:\/\/i0.wp.com\/www.ifm-motorsport.de\/start\/wp-content\/uploads\/2017\/05\/DSC_2602.jpg?resize=768%2C512 768w, https:\/\/i0.wp.com\/www.ifm-motorsport.de\/start\/wp-content\/uploads\/2017\/05\/DSC_2602.jpg?resize=1024%2C683 1024w, https:\/\/i0.wp.com\/www.ifm-motorsport.de\/start\/wp-content\/uploads\/2017\/05\/DSC_2602.jpg?resize=640%2C427 640w, https:\/\/i0.wp.com\/www.ifm-motorsport.de\/start\/wp-content\/uploads\/2017\/05\/DSC_2602.jpg?resize=1010%2C673 1010w, https:\/\/i0.wp.com\/www.ifm-motorsport.de\/start\/wp-content\/uploads\/2017\/05\/DSC_2602.jpg?w=1280 1280w, https:\/\/i0.wp.com\/www.ifm-motorsport.de\/start\/wp-content\/uploads\/2017\/05\/DSC_2602.jpg?w=1920 1920w\" alt=\"Materialerm\u00fcdung im Querlenkermittelgelenk\" width=\"300\" height=\"200\" data-attachment-id=\"971\" data-permalink=\"http:\/\/www.ifm-motorsport.de\/start\/avd-sachsen-rallye-2017\/dsc_2602\/\" data-orig-file=\"https:\/\/i0.wp.com\/www.ifm-motorsport.de\/start\/wp-content\/uploads\/2017\/05\/DSC_2602.jpg?fit=4184%2C2789\" data-orig-size=\"4184,2789\" data-comments-opened=\"0\" data-image-meta=\"{&quot;aperture&quot;:&quot;10&quot;,&quot;credit&quot;:&quot;&quot;,&quot;camera&quot;:&quot;NIKON D5100&quot;,&quot;caption&quot;:&quot;&quot;,&quot;created_timestamp&quot;:&quot;1495908631&quot;,&quot;copyright&quot;:&quot;&quot;,&quot;focal_length&quot;:&quot;40&quot;,&quot;iso&quot;:&quot;100&quot;,&quot;shutter_speed&quot;:&quot;0.003125&quot;,&quot;title&quot;:&quot;&quot;,&quot;orientation&quot;:&quot;1&quot;}\" data-image-title=\"Materialerm\u00fcdung im Querlenkermittelgelenk\" data-image-description=\"&lt;p&gt;Materialerm\u00fcdung im Querlenkermittelgelenk&lt;\/p&gt;\n\" data-medium-file=\"https:\/\/i0.wp.com\/www.ifm-motorsport.de\/start\/wp-content\/uploads\/2017\/05\/DSC_2602.jpg?fit=300%2C200\" data-large-file=\"https:\/\/i0.wp.com\/www.ifm-motorsport.de\/start\/wp-content\/uploads\/2017\/05\/DSC_2602.jpg?fit=640%2C427\" \/><\/a><figcaption class=\"wp-caption-text\">Materialerm\u00fcdung im Querlenkermittelgelenk<\/figcaption><\/figure>\n<figure id=\"attachment_972\" class=\"wp-caption alignleft\"><a href=\"https:\/\/i1.wp.com\/www.ifm-motorsport.de\/start\/wp-content\/uploads\/2017\/05\/Bildschirmfoto-2017-05-30-um-11.35.06.png\"><img loading=\"lazy\" decoding=\"async\" class=\"size-medium wp-image-972\" src=\"https:\/\/i1.wp.com\/www.ifm-motorsport.de\/start\/wp-content\/uploads\/2017\/05\/Bildschirmfoto-2017-05-30-um-11.35.06.png?resize=300%2C132\" sizes=\"auto, (max-width: 300px) 100vw, 300px\" srcset=\"https:\/\/i1.wp.com\/www.ifm-motorsport.de\/start\/wp-content\/uploads\/2017\/05\/Bildschirmfoto-2017-05-30-um-11.35.06.png?resize=300%2C132 300w, https:\/\/i1.wp.com\/www.ifm-motorsport.de\/start\/wp-content\/uploads\/2017\/05\/Bildschirmfoto-2017-05-30-um-11.35.06.png?resize=768%2C338 768w, https:\/\/i1.wp.com\/www.ifm-motorsport.de\/start\/wp-content\/uploads\/2017\/05\/Bildschirmfoto-2017-05-30-um-11.35.06.png?resize=1024%2C450 1024w, https:\/\/i1.wp.com\/www.ifm-motorsport.de\/start\/wp-content\/uploads\/2017\/05\/Bildschirmfoto-2017-05-30-um-11.35.06.png?resize=640%2C281 640w, https:\/\/i1.wp.com\/www.ifm-motorsport.de\/start\/wp-content\/uploads\/2017\/05\/Bildschirmfoto-2017-05-30-um-11.35.06.png?resize=1010%2C444 1010w, https:\/\/i1.wp.com\/www.ifm-motorsport.de\/start\/wp-content\/uploads\/2017\/05\/Bildschirmfoto-2017-05-30-um-11.35.06.png?w=1280 1280w, https:\/\/i1.wp.com\/www.ifm-motorsport.de\/start\/wp-content\/uploads\/2017\/05\/Bildschirmfoto-2017-05-30-um-11.35.06.png?w=1920 1920w\" alt=\"Nur noch wenige Kurven trennten uns vom Ziel\" width=\"300\" height=\"132\" data-attachment-id=\"972\" data-permalink=\"http:\/\/www.ifm-motorsport.de\/start\/avd-sachsen-rallye-2017\/bildschirmfoto-2017-05-30-um-11-35-06\/\" data-orig-file=\"https:\/\/i1.wp.com\/www.ifm-motorsport.de\/start\/wp-content\/uploads\/2017\/05\/Bildschirmfoto-2017-05-30-um-11.35.06.png?fit=2250%2C989\" data-orig-size=\"2250,989\" data-comments-opened=\"0\" data-image-meta=\"{&quot;aperture&quot;:&quot;0&quot;,&quot;credit&quot;:&quot;&quot;,&quot;camera&quot;:&quot;&quot;,&quot;caption&quot;:&quot;&quot;,&quot;created_timestamp&quot;:&quot;0&quot;,&quot;copyright&quot;:&quot;&quot;,&quot;focal_length&quot;:&quot;0&quot;,&quot;iso&quot;:&quot;0&quot;,&quot;shutter_speed&quot;:&quot;0&quot;,&quot;title&quot;:&quot;&quot;,&quot;orientation&quot;:&quot;0&quot;}\" data-image-title=\"Nur noch wenige Kurven trennten uns vom Ziel\" data-image-description=\"&lt;p&gt;Nur noch wenige Kurven trennten uns vom Ziel&lt;\/p&gt;\n\" data-medium-file=\"https:\/\/i1.wp.com\/www.ifm-motorsport.de\/start\/wp-content\/uploads\/2017\/05\/Bildschirmfoto-2017-05-30-um-11.35.06.png?fit=300%2C132\" data-large-file=\"https:\/\/i1.wp.com\/www.ifm-motorsport.de\/start\/wp-content\/uploads\/2017\/05\/Bildschirmfoto-2017-05-30-um-11.35.06.png?fit=640%2C281\" \/><\/a><figcaption class=\"wp-caption-text\">Nur noch wenige Kurven trennten uns vom Ziel<\/figcaption><\/figure>\n<p>Die anschlie\u00dfende beinahe-Kollision mit einem Baum konnten wir geradeso noch vermeiden und rutschten zum Gl\u00fcck nur in eine Wiese. Ein kurzer Versuch, doch noch irgendwie langsam ins Ziel weiter zu fahren, endete 200 Meter sp\u00e4ter dann endg\u00fcltig mit komplett eingeklapptem Vorderrad. Schluss, aus vorbei! Und das nachdem nun das Ziel in 4 Kilometern Entfernung bereits fast in Sichtweite lag.<\/p>\n<p>Eine sehr harte Situation, muss man zugeben. Aber es h\u00e4tte schlimmer kommen k\u00f6nnen: Nicht nur in Sachen Schaden am Fahrzeug, sondern auch was den Ort betrifft: Statt einsam irgendwo im Niemandsland s\u00e4chsischer W\u00e4lder auf den Abschleppdienst warten zu m\u00fcssen, strandeten wir \u201ezum Gl\u00fcck\u201c genau am Rande einer Ortschaft. Da waren Zuschauer, welche uns in dieser schweren Stunde mit Bier aus ihrem eigenen K\u00fchlschrank versorgten, Selfies mit uns machten und Aussagen wie \u201eWow, klasse, ein richtiges Rallye-Auto auf meinem Feld!\u201c verk\u00fcndeten\u2026 Wir befanden uns also in einem Umfeld bester Stimmung\u00a0und lie\u00dfen uns von so viel Zuspruch nat\u00fcrlich auch etwas aufmuntern. Die Szenerie f\u00fchrte\u00a0uns zudem vor Augen, wie viel Begeisterung der Rallyesport in gro\u00dfen Teilen der Bev\u00f6lkerung ausl\u00f6st!<\/p>\n<p>Mit einem lachenden und einem weinenden Auge reisten wir also aus Zwickau ab. Ohne Ergebnis und ohne Meisterschaftspunkte. Aber mit jeder Menge positiver Erinnerungen an\u00a0eine rundum gelungene und spektakul\u00e4re Veranstaltung und an ein Wochenende voller Fahrfreude. Die Sachsen-Rallye war trotz des sehr bitteren Ausgangs ein Highlight f\u00fcr uns, aber die n\u00e4chste sch\u00f6ne Veranstaltung folgt schon sehr bald: Die Osterburgrallye rund um Weida am 17.06.2017.<\/p>\n<p>Quelle:<br \/>\n<a href=\"http:\/\/www.ifm-motorsport.de\/start\/avd-sachsen-rallye-2017\/\">http:\/\/www.ifm-motorsport.de\/start\/avd-sachsen-rallye-2017\/<br \/>\n<\/a><br \/>\nBeitragsbild:<br \/>\nrwolff.de<\/p>\n","protected":false},"excerpt":{"rendered":"<p>1. in der Klasse, 3. in der Division, 22. im Gesamtklassement \u2013 aber nur bis 4 km vor Schluss\u2026 Gute Zeiten \u2013 schlechte Zeiten. So kann man es nennen, wenn &hellip; <a href=\"https:\/\/www.rallyesport-westsachsen.de\/index.php\/2017\/06\/03\/avd-sachsen-rallye-2017-rueckblick-team-ifm-motorsport\/\" class=\"more-link\"><span class=\"screen-reader-text\">AvD Sachsen-Rallye 2017 \u2013 R\u00fcckblick Team IFM Motorsport<\/span> weiterlesen <span class=\"meta-nav\">&rarr;<\/span><\/a><\/p>\n","protected":false},"author":1,"featured_media":1673,"comment_status":"closed","ping_status":"open","sticky":false,"template":"","format":"standard","meta":{"_jetpack_newsletter_access":"","_jetpack_dont_email_post_to_subs":false,"_jetpack_newsletter_tier_id":0,"_jetpack_memberships_contains_paywalled_content":false,"_jetpack_memberships_contains_paid_content":false,"footnotes":""},"categories":[1],"tags":[],"class_list":["post-1672","post","type-post","status-publish","format-standard","has-post-thumbnail","hentry","category-allgemein"],"jetpack_featured_media_url":"https:\/\/www.rallyesport-westsachsen.de\/wp-content\/uploads\/2017\/06\/IMG_7737.jpg","jetpack_sharing_enabled":true,"jetpack_shortlink":"https:\/\/wp.me\/p83mP7-qY","_links":{"self":[{"href":"https:\/\/www.rallyesport-westsachsen.de\/index.php\/wp-json\/wp\/v2\/posts\/1672","targetHints":{"allow":["GET"]}}],"collection":[{"href":"https:\/\/www.rallyesport-westsachsen.de\/index.php\/wp-json\/wp\/v2\/posts"}],"about":[{"href":"https:\/\/www.rallyesport-westsachsen.de\/index.php\/wp-json\/wp\/v2\/types\/post"}],"author":[{"embeddable":true,"href":"https:\/\/www.rallyesport-westsachsen.de\/index.php\/wp-json\/wp\/v2\/users\/1"}],"replies":[{"embeddable":true,"href":"https:\/\/www.rallyesport-westsachsen.de\/index.php\/wp-json\/wp\/v2\/comments?post=1672"}],"version-history":[{"count":2,"href":"https:\/\/www.rallyesport-westsachsen.de\/index.php\/wp-json\/wp\/v2\/posts\/1672\/revisions"}],"predecessor-version":[{"id":1675,"href":"https:\/\/www.rallyesport-westsachsen.de\/index.php\/wp-json\/wp\/v2\/posts\/1672\/revisions\/1675"}],"wp:featuredmedia":[{"embeddable":true,"href":"https:\/\/www.rallyesport-westsachsen.de\/index.php\/wp-json\/wp\/v2\/media\/1673"}],"wp:attachment":[{"href":"https:\/\/www.rallyesport-westsachsen.de\/index.php\/wp-json\/wp\/v2\/media?parent=1672"}],"wp:term":[{"taxonomy":"category","embeddable":true,"href":"https:\/\/www.rallyesport-westsachsen.de\/index.php\/wp-json\/wp\/v2\/categories?post=1672"},{"taxonomy":"post_tag","embeddable":true,"href":"https:\/\/www.rallyesport-westsachsen.de\/index.php\/wp-json\/wp\/v2\/tags?post=1672"}],"curies":[{"name":"wp","href":"https:\/\/api.w.org\/{rel}","templated":true}]}}